{"id":755,"date":"2023-11-10T09:29:17","date_gmt":"2023-11-10T09:29:17","guid":{"rendered":"https:\/\/solfemmes.ch\/16-tage-gegen-gewalt-an-frauen-vom-25-11-bis-10-12-2023\/"},"modified":"2025-11-25T08:32:41","modified_gmt":"2025-11-25T08:32:41","slug":"16-jours-contre-la-violence-faite-aux-femmes-du-25-11-au-10-12-2023","status":"publish","type":"post","link":"https:\/\/solfemmes.ch\/fr\/16-jours-contre-la-violence-faite-aux-femmes-du-25-11-au-10-12-2023\/","title":{"rendered":"16 jours contre la violence faite aux femmes du 25.11. au 10.12.2023"},"content":{"rendered":"<section class=\"l-section wpb_row height_huge\"><div class=\"l-section-h i-cf\"><div class=\"g-cols vc_row via_grid cols_1 laptops-cols_inherit tablets-cols_inherit mobiles-cols_1 valign_top type_default stacking_default\"><div class=\"wpb_column vc_column_container\"><div class=\"vc_column-inner\"><div class=\"w-image align_none\"><div class=\"w-image-h\"><img decoding=\"async\" width=\"1024\" height=\"1024\" src=\"https:\/\/solfemmes.ch\/wp-content\/uploads\/2023\/11\/16jours-2023-1024x1024.png\" class=\"attachment-large size-large\" alt=\"\" loading=\"lazy\" srcset=\"https:\/\/solfemmes.ch\/wp-content\/uploads\/2023\/11\/16jours-2023-1024x1024.png 1024w, https:\/\/solfemmes.ch\/wp-content\/uploads\/2023\/11\/16jours-2023-300x300.png 300w, https:\/\/solfemmes.ch\/wp-content\/uploads\/2023\/11\/16jours-2023-150x150.png 150w\" sizes=\"auto, (max-width: 1024px) 100vw, 1024px\" \/><\/div><\/div><div class=\"w-separator size_small\"><\/div><div class=\"wpb_text_column\"><div class=\"wpb_wrapper\"><p><strong>Cette ann\u00e9e, les 16 jours contre la violence faite aux femmes mettent l&rsquo;accent sur la violence psychique. Par une campagne de banderoles dans diff\u00e9rents lieux publics de la ville de Bienne, Solidarit\u00e9 femmes donne de la visibilit\u00e9 \u00e0 cette forme invisible de violence. Nous osons en parler et nous nous engageons pour une soci\u00e9t\u00e9 sans violence \u00e0 tous les niveaux !<\/strong><\/p>\n<p>La violence psychique dans les relations de couple est fr\u00e9quente, mais elle est difficile \u00e0 identifier, tant pour la victime que sur le plan juridique. Les auteurs de violence psychologique sont avides de pouvoir, manipulateurs et contr\u00f4lants. Leur r\u00e9pertoire comprend le d\u00e9nigrement, les insultes, la calomnie, la contrainte. Ils contr\u00f4lent leur partenaire, veulent savoir quand et avec qui elle a des contacts, et tentent de l\u2019isoler socialement. Les effets de cette violence n&rsquo;apparaissent g\u00e9n\u00e9ralement qu&rsquo;\u00e0 long terme, lorsqu&rsquo;une femme se retrouve \u00e9puis\u00e9e \u00e0 force d\u2019\u00eatre expos\u00e9e aux exigences et aux insultes r\u00e9p\u00e9t\u00e9es de son partenaire. Les victimes se retirent de leur vie sociale, souffrent d&rsquo;une perte d&rsquo;estime de soi, de d\u00e9pression, d&rsquo;anxi\u00e9t\u00e9 et d&rsquo;autres sympt\u00f4mes li\u00e9s aux cons\u00e9quences de la violence interpersonnelle, allant jusqu&rsquo;\u00e0 l&rsquo;incapacit\u00e9 totale de prendre des d\u00e9cisions et le sentiment de \u00ab\u00a0devenir folle\u00a0\u00bb. Les enfants qui sont t\u00e9moins de la violence psychologique exerc\u00e9e contre l&rsquo;un de leurs parents en souffrent \u00e9galement beaucoup, sont profond\u00e9ment d\u00e9stabilis\u00e9s et peuvent pr\u00e9senter des troubles du comportement. Il n&rsquo;est pas facile de se lib\u00e9rer de l&#8217;emprise d&rsquo;une telle relation. De plus, les moyens de preuve font g\u00e9n\u00e9ralement d\u00e9faut sur le plan p\u00e9nal, surtout lorsque la violence est exclusivement verbale. La plupart du temps, seul le soutien de sp\u00e9cialistes permet de briser la spirale de la violence.<\/p>\n<p>Solidarit\u00e9 femmes Bienne et r\u00e9gion g\u00e8re une maison d&rsquo;accueil et un centre de consultation ambulatoire pour les femmes et les enfants concern\u00e9\u00b7e\u00b7s par la violence domestique.<\/p>\n<p>Contacts pour les m\u00e9dias\u00a0: 032 322 03 44, Stefanie Nuozzi (d et f), Cristina Froidevaux (f)<\/p>\n<p><strong><em>Souhaitez-vous commander notre banderole (prix minimum de 5 CHF) ?<br \/>\nN&rsquo;h\u00e9sitez pas \u00e0 nous contacter via <\/em><\/strong><strong><em><span id=\"cloak12d9f54024ba53b30918a84029ff2406\"><a href=\"mailto:info@solfemmes.ch\">info@solfemmes.ch<\/a><\/span><\/em><\/strong><strong><em> ou par t\u00e9l\u00e9phone.<\/em><\/strong><\/p>\n<\/div><\/div><\/div><\/div><\/div><\/div><\/section>\n","protected":false},"excerpt":{"rendered":"Cette ann\u00e9e, les 16 jours contre la violence faite aux femmes mettent l&rsquo;accent sur la violence psychique. Par une campagne de banderoles dans diff\u00e9rents lieux publics de la ville de Bienne, Solidarit\u00e9 femmes donne de la visibilit\u00e9 \u00e0 cette forme invisible de violence. Nous osons en parler et nous nous engageons pour une soci\u00e9t\u00e9 sans...","protected":false},"author":1,"featured_media":802,"comment_status":"closed","ping_status":"open","sticky":false,"template":"","format":"standard","meta":{"footnotes":""},"categories":[2],"tags":[],"class_list":["post-755","post","type-post","status-publish","format-standard","has-post-thumbnail","hentry","category-non-categorise"],"_links":{"self":[{"href":"https:\/\/solfemmes.ch\/fr\/wp-json\/wp\/v2\/posts\/755","targetHints":{"allow":["GET"]}}],"collection":[{"href":"https:\/\/solfemmes.ch\/fr\/wp-json\/wp\/v2\/posts"}],"about":[{"href":"https:\/\/solfemmes.ch\/fr\/wp-json\/wp\/v2\/types\/post"}],"author":[{"embeddable":true,"href":"https:\/\/solfemmes.ch\/fr\/wp-json\/wp\/v2\/users\/1"}],"replies":[{"embeddable":true,"href":"https:\/\/solfemmes.ch\/fr\/wp-json\/wp\/v2\/comments?post=755"}],"version-history":[{"count":3,"href":"https:\/\/solfemmes.ch\/fr\/wp-json\/wp\/v2\/posts\/755\/revisions"}],"predecessor-version":[{"id":803,"href":"https:\/\/solfemmes.ch\/fr\/wp-json\/wp\/v2\/posts\/755\/revisions\/803"}],"wp:featuredmedia":[{"embeddable":true,"href":"https:\/\/solfemmes.ch\/fr\/wp-json\/wp\/v2\/media\/802"}],"wp:attachment":[{"href":"https:\/\/solfemmes.ch\/fr\/wp-json\/wp\/v2\/media?parent=755"}],"wp:term":[{"taxonomy":"category","embeddable":true,"href":"https:\/\/solfemmes.ch\/fr\/wp-json\/wp\/v2\/categories?post=755"},{"taxonomy":"post_tag","embeddable":true,"href":"https:\/\/solfemmes.ch\/fr\/wp-json\/wp\/v2\/tags?post=755"}],"curies":[{"name":"wp","href":"https:\/\/api.w.org\/{rel}","templated":true}]}}